{"id":1901,"date":"2019-09-11T19:18:41","date_gmt":"2019-09-11T17:18:41","guid":{"rendered":"https:\/\/rennes-le-chateau.org\/?p=1901"},"modified":"2019-09-12T20:58:10","modified_gmt":"2019-09-12T18:58:10","slug":"1901","status":"publish","type":"post","link":"https:\/\/rennes-le-chateau.org\/index.php\/2019\/09\/11\/1901\/","title":{"rendered":"Jean Rivi\u00e8re, cur\u00e9 d&#8217;Esperaza"},"content":{"rendered":"<p><span style=\"color: #ff6600;\">L\u2019affaire de Rennes-Le-Ch\u00e2teau est une affaire de cur\u00e9s<\/span>,\u00a0Cur\u00e9s, bizarres, discrets, \u00e9crivains et d\u00e9pensiers, mais il y en a d\u2019autre que nous connaissons peu, mais qui, finalement jou\u00e8rent un r\u00f4le important dans cette affaire, c\u2019est l\u2019un d\u2019eux que je souhaite vous faire connaitre ;\u00a0il s\u2019agit de <span style=\"color: #ff6600;\"><strong>Jean Rivi\u00e8re cur\u00e9 d\u2019Esp\u00e9raza<\/strong><\/span>. C\u2019est lui qui entend B\u00e9renger Sauni\u00e8re en confession et \u00e0 qui il refusa l\u2019extr\u00eame onction de son vivant, il ne la donnera au cur\u00e9 de Rennes-Le-Ch\u00e2teau qu\u2019une fois d\u00e9c\u00e9d\u00e9, \u00e9v\u00e9nement incroyable, surtout entre pr\u00eatres, alors,<span style=\"color: #ff6600;\"><strong><a style=\"color: #ff6600;\" href=\"https:\/\/rennes-le-chateau.org\/index.php\/le-site\/laffaire-berenger-sauniere\/des-elements-etranges\/jean-riviere-cure-desperaza\/\">\u00a0Jean Rivi\u00e8re nous laissa-t-il un message\u00a0?<\/a><\/strong><\/span><\/p>\n<p style=\"text-align: center;\"><div id=\"metaslider-id-1865\" style=\"max-width: 500px; margin: 0 auto;\" class=\"ml-slider-3-98-0 metaslider metaslider-flex metaslider-1865 ml-slider ms-theme-default\" role=\"region\" aria-roledescription=\"Slideshow\" aria-label=\"Riviere\" data-width=\"500\">\n    <div id=\"metaslider_container_1865\">\n        <div id=\"metaslider_1865\" class=\"flexslider\">\n            <ul class='slides'>\n                <li style=\"display: block; width: 100%;\" class=\"slide-1887 ms-image \" aria-roledescription=\"slide\" aria-label=\"slide-1887\" data-date=\"2019-09-11 18:36:45\"><img data-recalc-dims=\"1\" loading=\"lazy\" decoding=\"async\" src=\"https:\/\/i0.wp.com\/rennes-le-chateau.org\/wp-content\/uploads\/2019\/09\/DSC1992.jpg?resize=500%2C278&#038;ssl=1\" height=\"278\" width=\"500\" alt=\"Entr\u00e9e de l&#039;\u00e9glise d&#039;Esp\u00e9raza\" class=\"slider-1865 slide-1887\" title=\"Entr\u00e9e de l&#039;\u00e9glise d&#039;Esp\u00e9raza\" \/><\/li>\n                <li style=\"display: none; width: 100%;\" class=\"slide-1888 ms-image \" aria-roledescription=\"slide\" aria-label=\"slide-1888\" data-date=\"2019-09-11 18:36:45\"><img data-recalc-dims=\"1\" loading=\"lazy\" decoding=\"async\" src=\"https:\/\/i0.wp.com\/rennes-le-chateau.org\/wp-content\/uploads\/2019\/09\/DSC1997.jpg?resize=500%2C278&#038;ssl=1\" height=\"278\" width=\"500\" alt=\"Le christ dans son tombeau dans l&#039;\u00e9glise d&#039;Esp\u00e9raza\" class=\"slider-1865 slide-1888\" title=\"Le christ dans son tombeau dans l&#039;\u00e9glise d&#039;Esp\u00e9raza\" \/><\/li>\n                <li style=\"display: none; width: 100%;\" class=\"slide-1889 ms-image \" aria-roledescription=\"slide\" aria-label=\"slide-1889\" data-date=\"2019-09-11 18:36:45\"><img data-recalc-dims=\"1\" loading=\"lazy\" decoding=\"async\" src=\"https:\/\/i0.wp.com\/rennes-le-chateau.org\/wp-content\/uploads\/2019\/09\/DSC1998.jpg?resize=500%2C278&#038;ssl=1\" height=\"278\" width=\"500\" alt=\"Le christ dans le tombeau de l&#039;\u00e9glise d&#039;Esperaza, ni mort ni vivant\" class=\"slider-1865 slide-1889\" title=\"Le christ dans le tombeau de l&#039;\u00e9glise d&#039;Esperaza, ni mort ni vivant\" \/><\/li>\n                <li style=\"display: none; width: 100%;\" class=\"slide-1890 ms-image \" aria-roledescription=\"slide\" aria-label=\"slide-1890\" data-date=\"2019-09-11 18:36:45\"><img data-recalc-dims=\"1\" loading=\"lazy\" decoding=\"async\" src=\"https:\/\/i0.wp.com\/rennes-le-chateau.org\/wp-content\/uploads\/2019\/09\/DSC_0271.jpg?resize=500%2C278&#038;ssl=1\" height=\"278\" width=\"500\" alt=\"\" class=\"slider-1865 slide-1890\" \/><\/li>\n                <li style=\"display: none; width: 100%;\" class=\"slide-1891 ms-image \" aria-roledescription=\"slide\" aria-label=\"slide-1891\" data-date=\"2019-09-11 18:36:45\"><img data-recalc-dims=\"1\" loading=\"lazy\" decoding=\"async\" src=\"https:\/\/i0.wp.com\/rennes-le-chateau.org\/wp-content\/uploads\/2019\/09\/DSC_0287.jpg?resize=500%2C278&#038;ssl=1\" height=\"278\" width=\"500\" alt=\"Bernadette Soubirous dans la chapelle de la Vierge de Lourdes dans l&#039;\u00e9glise d&#039;Esp\u00e9raza\" class=\"slider-1865 slide-1891\" title=\"Bernadette Soubirous dans la chapelle de la Vierge de Lourdes dans l&#039;\u00e9glise d&#039;Esp\u00e9raza\" \/><\/li>\n                <li style=\"display: none; width: 100%;\" class=\"slide-1892 ms-image \" aria-roledescription=\"slide\" aria-label=\"slide-1892\" data-date=\"2019-09-11 18:36:45\"><img data-recalc-dims=\"1\" loading=\"lazy\" decoding=\"async\" src=\"https:\/\/i0.wp.com\/rennes-le-chateau.org\/wp-content\/uploads\/2019\/09\/DSC_3953.jpg?resize=500%2C278&#038;ssl=1\" height=\"278\" width=\"500\" alt=\"La grotte dans l&#039;\u00e9glise d&#039;Esp\u00e9razaz quasiment identique \u00e0 celle de Rennes-Le-Ch\u00e2teau\" class=\"slider-1865 slide-1892\" title=\"La grotte dans l&#039;\u00e9glise d&#039;Esp\u00e9razaz quasiment identique \u00e0 celle de Rennes-Le-Ch\u00e2teau\" \/><\/li>\n            <\/ul>\n        <\/div>\n        \n    <\/div>\n<\/div><\/p>\n","protected":false},"excerpt":{"rendered":"<p>L\u2019affaire de Rennes-Le-Ch\u00e2teau est une affaire de cur\u00e9s,\u00a0Cur\u00e9s, bizarres, discrets, \u00e9crivains et d\u00e9pensiers, mais il y en a d\u2019autre que nous connaissons peu, mais qui, finalement jou\u00e8rent un r\u00f4le important dans cette affaire, c\u2019est l\u2019un d\u2019eux que je souhaite vous faire connaitre ;\u00a0il s\u2019agit de Jean Rivi\u00e8re cur\u00e9 d\u2019Esp\u00e9raza. C\u2019est lui qui entend B\u00e9renger Sauni\u00e8re &hellip; <\/p>\n<p class=\"link-more\"><a href=\"https:\/\/rennes-le-chateau.org\/index.php\/2019\/09\/11\/1901\/\" class=\"more-link\">Continuer la lecture<span class=\"screen-reader-text\"> de &laquo;&nbsp;Jean Rivi\u00e8re, cur\u00e9 d&#8217;Esperaza&nbsp;&raquo;<\/span><\/a><\/p>\n","protected":false},"author":1,"featured_media":0,"comment_status":"open","ping_status":"open","sticky":false,"template":"","format":"standard","meta":{"jetpack_post_was_ever_published":false,"_jetpack_newsletter_access":"","_jetpack_dont_email_post_to_subs":false,"_jetpack_newsletter_tier_id":0,"_jetpack_memberships_contains_paywalled_content":false,"_jetpack_memberships_contains_paid_content":false,"footnotes":"","jetpack_publicize_message":"","jetpack_publicize_feature_enabled":true,"jetpack_social_post_already_shared":true,"jetpack_social_options":{"image_generator_settings":{"template":"highway","enabled":false},"version":2}},"categories":[1],"tags":[],"class_list":["post-1901","post","type-post","status-publish","format-standard","hentry","category-non-classe"],"jetpack_publicize_connections":[],"jetpack_featured_media_url":"","jetpack_sharing_enabled":true,"jetpack_shortlink":"https:\/\/wp.me\/s9SxBn-1901","_links":{"self":[{"href":"https:\/\/rennes-le-chateau.org\/index.php\/wp-json\/wp\/v2\/posts\/1901","targetHints":{"allow":["GET"]}}],"collection":[{"href":"https:\/\/rennes-le-chateau.org\/index.php\/wp-json\/wp\/v2\/posts"}],"about":[{"href":"https:\/\/rennes-le-chateau.org\/index.php\/wp-json\/wp\/v2\/types\/post"}],"author":[{"embeddable":true,"href":"https:\/\/rennes-le-chateau.org\/index.php\/wp-json\/wp\/v2\/users\/1"}],"replies":[{"embeddable":true,"href":"https:\/\/rennes-le-chateau.org\/index.php\/wp-json\/wp\/v2\/comments?post=1901"}],"version-history":[{"count":2,"href":"https:\/\/rennes-le-chateau.org\/index.php\/wp-json\/wp\/v2\/posts\/1901\/revisions"}],"predecessor-version":[{"id":1903,"href":"https:\/\/rennes-le-chateau.org\/index.php\/wp-json\/wp\/v2\/posts\/1901\/revisions\/1903"}],"wp:attachment":[{"href":"https:\/\/rennes-le-chateau.org\/index.php\/wp-json\/wp\/v2\/media?parent=1901"}],"wp:term":[{"taxonomy":"category","embeddable":true,"href":"https:\/\/rennes-le-chateau.org\/index.php\/wp-json\/wp\/v2\/categories?post=1901"},{"taxonomy":"post_tag","embeddable":true,"href":"https:\/\/rennes-le-chateau.org\/index.php\/wp-json\/wp\/v2\/tags?post=1901"}],"curies":[{"name":"wp","href":"https:\/\/api.w.org\/{rel}","templated":true}]}}